{"id":2292,"date":"2026-03-31T07:00:00","date_gmt":"2026-03-31T05:00:00","guid":{"rendered":"https:\/\/www.digiamo.cz\/?p=2292"},"modified":"2026-03-31T07:00:00","modified_gmt":"2026-03-31T05:00:00","slug":"kompletni-navod-jak-zalozit-spravovat-a-propagovat-firemni-stranku-na-facebooku","status":"publish","type":"post","link":"https:\/\/new.digiamo.cz\/new\/kompletni-navod-jak-zalozit-spravovat-a-propagovat-firemni-stranku-na-facebooku\/","title":{"rendered":"Kompletn\u00ed n\u00e1vod, jak zalo\u017eit, spravovat a propagovat firemn\u00ed str\u00e1nku na Facebooku"},"content":{"rendered":"\n<p>Aktualizov\u00e1no 31. 3. 2026<\/p>\n\n\n\n<p>Facebook z\u016fst\u00e1v\u00e1 jedn\u00edm z hlavn\u00edch kan\u00e1l\u016f pro budov\u00e1n\u00ed zna\u010dky a z\u00edsk\u00e1v\u00e1n\u00ed z\u00e1kazn\u00edk\u016f \u2013 zejm\u00e9na pokud ho vyu\u017e\u00edv\u00e1te jako sou\u010d\u00e1st \u0161ir\u0161\u00edho ekosyst\u00e9mu <strong>Meta Ads<\/strong> spole\u010dn\u011b s Instagramem.<\/p>\n\n\n\n<p>A\u0165 u\u017e podnik\u00e1te, provozujete e-shop nebo budujete firmu, dob\u0159e nastaven\u00e1 firemn\u00ed str\u00e1nka v\u00e1m pom\u016f\u017ee oslovit spr\u00e1vn\u00e9 publikum, pos\u00edlit d\u016fv\u011bryhodnost a podpo\u0159it prodeje. V tomto \u010dl\u00e1nku v\u00e1s krok za krokem provedeme t\u00edm, jak str\u00e1nku vytvo\u0159it, spravovat a efektivn\u011b vyu\u017e\u00edt v praxi.<\/p>\n\n\n\n<figure class=\"wp-block-image size-large\"><img decoding=\"async\" src=\"https:\/\/new.digiamo.cz\/new\/wp-content\/uploads\/2025\/08\/facebook-7104152_1280-edited.jpg\" alt=\"\" class=\"wp-image-2673\"\/><\/figure>\n\n\n\n<h2 class=\"wp-block-heading\">Jak vytvo\u0159it firemn\u00ed str\u00e1nku na Facebooku krok za krokem?<\/h2>\n\n\n\n<p><\/p>\n\n\n\n<h3 class=\"wp-block-heading\">P\u0159ihlaste se a p\u0159ejd\u011bte do sekce \u201eStr\u00e1nky\u201c<\/h3>\n\n\n\n<p>Za\u010dn\u011bte t\u00edm, \u017ee se p\u0159ihl\u00e1s\u00edte ke sv\u00e9mu osobn\u00edmu Facebook \u00fa\u010dtu. Firemn\u00ed str\u00e1nku mus\u00edte <strong>propojit s osobn\u00edm profilem<\/strong>, ale nebojte \u2013 va\u0161e soukrom\u00e9 informace z\u016fstanou skryt\u00e9.<\/p>\n\n\n\n<ul class=\"wp-block-list\">\n<li>Otev\u0159ete Facebook a v menu klikn\u011bte na \u201eStr\u00e1nky\u201c<\/li>\n\n\n\n<li>Klikn\u011bte na tla\u010d\u00edtko \u201eVytvo\u0159it novou str\u00e1nku\u201c<\/li>\n<\/ul>\n\n\n\n<p>Facebook v\u00e1s provede jednoduch\u00fdm formul\u00e1\u0159em, kde vypln\u00edte z\u00e1kladn\u00ed informace o va\u0161\u00ed firm\u011b.<\/p>\n\n\n\n<h3 class=\"wp-block-heading\">Vypl\u0148te z\u00e1kladn\u00ed informace o str\u00e1nce<\/h3>\n\n\n\n<p>Nyn\u00ed nastav\u00edte z\u00e1kladn\u00ed \u00fadaje o va\u0161\u00ed firm\u011b. Doporu\u010dujeme b\u00fdt co nejkonkr\u00e9tn\u011bj\u0161\u00ed \u2013 spr\u00e1vn\u00e9 nastaven\u00ed hraje velkou roli v tom, jak v\u00e1s lid\u00e9 najdou.<\/p>\n\n\n\n<ul class=\"wp-block-list\">\n<li><strong>N\u00e1zev str\u00e1nky<\/strong> \u2013 zvolte ofici\u00e1ln\u00ed n\u00e1zev va\u0161\u00ed firmy nebo zna\u010dky. Pokud je n\u00e1zev b\u011b\u017en\u00fd, zkuste ho odli\u0161it p\u0159id\u00e1n\u00edm m\u011bsta nebo specifick\u00e9ho prvku.<\/li>\n\n\n\n<li><strong>Kategorie<\/strong> \u2013 vyberte nejrelevantn\u011bj\u0161\u00ed kategorii, kter\u00e1 nejl\u00e9pe vystihuje v\u00e1\u0161 obor podnik\u00e1n\u00ed.<\/li>\n\n\n\n<li><strong>Popis<\/strong> \u2013 napi\u0161te stru\u010dn\u00fd, ale v\u00fdsti\u017en\u00fd text o tom, co va\u0161e firma d\u011bl\u00e1 (maxim\u00e1ln\u011b 255 znak\u016f).<\/li>\n<\/ul>\n\n\n\n<p><strong><em>TIP<\/em><\/strong><em>: Pou\u017eijte <a href=\"https:\/\/new.digiamo.cz\/new\/blog\/klicova-slova\/\">kl\u00ed\u010dov\u00e1 slova<\/a>, kter\u00e1 lid\u00e9 vyhled\u00e1vaj\u00ed \u2013 nap\u0159\u00edklad \u201eRu\u010dn\u00ed v\u00fdroba \u0161perk\u016f z prav\u00e9ho st\u0159\u00edbra\u201c m\u00edsto obecn\u00e9ho \u201eVyr\u00e1b\u00edme \u0161perky\u201c.<\/em><\/p>\n\n\n\n<h3 class=\"wp-block-heading\">Nastavte vizu\u00e1ln\u00ed identitu<\/h3>\n\n\n\n<p>Prvn\u00ed dojem je kl\u00ed\u010dov\u00fd, a vizu\u00e1ln\u00ed str\u00e1nka hraje obrovskou roli. Dejte si tedy z\u00e1le\u017eet i na tom, jakou zvol\u00edte \u00favodn\u00ed a profilovou fotku.<\/p>\n\n\n\n<ul class=\"wp-block-list\">\n<li><strong>Profilov\u00e1 fotka<\/strong> \u2013 ide\u00e1ln\u011b logo va\u0161\u00ed firmy<\/li>\n\n\n\n<li><strong>\u00davodn\u00ed obr\u00e1zek<\/strong> \u2013 m\u016f\u017ee b\u00fdt slogan, produkt nebo n\u011bco, co vystihuje va\u0161i zna\u010dku<\/li>\n<\/ul>\n\n\n\n<p><strong><em>Tip:<\/em><\/strong><em> Dr\u017ete se konzistentn\u00ed vizu\u00e1ln\u00ed identity \u2013 pou\u017e\u00edvejte stejn\u00e9 barvy a styl, kter\u00fd m\u00e1te na webu nebo jin\u00fdch soci\u00e1ln\u00edch s\u00edt\u00edch.<\/em><\/p>\n\n\n\n<h3 class=\"wp-block-heading\">P\u0159idejte kontaktn\u00ed informace<\/h3>\n\n\n\n<p>D\u016fv\u011bryhodnost je pro z\u00edsk\u00e1v\u00e1n\u00ed z\u00e1kazn\u00edk\u016f kl\u00ed\u010dov\u00e1. Ujist\u011bte se, \u017ee lid\u00e9 snadno zjist\u00ed, jak v\u00e1s kontaktovat. P\u0159idejte na svoji firemn\u00ed Facebook str\u00e1nku tyto \u00fadaje:<\/p>\n\n\n\n<ul class=\"wp-block-list\">\n<li>Adresa (pokud m\u00e1te kamennou prodejnu)<\/li>\n\n\n\n<li>Telefon<\/li>\n\n\n\n<li>E-mail<\/li>\n\n\n\n<li>Webov\u00e1 str\u00e1nka<\/li>\n<\/ul>\n\n\n\n<p><strong><em>TIP<\/em><\/strong><em>: Pokud nab\u00edz\u00edte slu\u017eby na v\u00edce m\u00edstech nebo jste online firma, uve\u010fte v\u00edce mo\u017enost\u00ed kontaktu, aby si z\u00e1kazn\u00edci mohli vybrat.<\/em><\/p>\n\n\n\n<h3 class=\"wp-block-heading\">Nastavte tla\u010d\u00edtko v\u00fdzvy k akci<\/h3>\n\n\n\n<p>Jedn\u00edm z <strong>nejmocn\u011bj\u0161\u00edch n\u00e1stroj\u016f<\/strong> firemn\u00ed str\u00e1nky je tla\u010d\u00edtko, kter\u00e9 vede u\u017eivatele k akci. Jednodu\u0161e klikn\u011bte na tla\u010d\u00edtko \u201eP\u0159idat tla\u010d\u00edtko\u201c a vyberte mo\u017enost, kter\u00e1 nejl\u00e9pe odpov\u00edd\u00e1 va\u0161emu podnik\u00e1n\u00ed. Tla\u010d\u00edtko v\u00fdzvy k akci by m\u011blo <strong>sm\u011b\u0159ovat na konkr\u00e9tn\u00ed krok<\/strong> . \u010c\u00edm jednodu\u0161\u0161\u00ed cesta, t\u00edm vy\u0161\u0161\u00ed pravd\u011bpodobnost konverze.<\/p>\n\n\n\n<p>Facebook nab\u00edz\u00ed n\u011bkolik mo\u017enost\u00ed, nap\u0159\u00edklad:<\/p>\n\n\n\n<ul class=\"wp-block-list\">\n<li><strong>Kontaktujte n\u00e1s<\/strong> (ide\u00e1ln\u00ed pro online slu\u017eby)<\/li>\n\n\n\n<li><strong>Nakupovat<\/strong> (praktick\u00e9 pro e-shopy)<\/li>\n\n\n\n<li><strong>Rezervovat<\/strong> (vhodn\u00e9 pro restaurace, hotely nebo slu\u017eby)<\/li>\n<\/ul>\n\n\n\n<figure class=\"wp-block-image size-full\"><img loading=\"lazy\" decoding=\"async\" width=\"906\" height=\"532\" src=\"https:\/\/new.digiamo.cz\/new\/wp-content\/uploads\/2025\/04\/image-14.png\" alt=\"\" class=\"wp-image-2294\" srcset=\"https:\/\/new.digiamo.cz\/new\/wp-content\/uploads\/2025\/04\/image-14.png 906w, https:\/\/new.digiamo.cz\/new\/wp-content\/uploads\/2025\/04\/image-14-300x176.png 300w, https:\/\/new.digiamo.cz\/new\/wp-content\/uploads\/2025\/04\/image-14-768x451.png 768w\" sizes=\"auto, (max-width: 906px) 100vw, 906px\" \/><\/figure>\n\n\n\n<p><strong><em>TIP<\/em><\/strong><em>: P\u0159idejte <strong>odkaz na v\u00e1\u0161 web<\/strong>, rezerva\u010dn\u00ed syst\u00e9m nebo online katalog \u2013 \u010d\u00edm m\u00e9n\u011b krok\u016f z\u00e1kazn\u00edk mus\u00ed ud\u011blat, t\u00edm vy\u0161\u0161\u00ed je \u0161ance na konverzi.<\/em><\/p>\n\n\n\n<h3 class=\"wp-block-heading\">Nastavte, kdo m\u016f\u017ee spravovat firemn\u00ed Facebook<\/h3>\n\n\n\n<p>Pokud str\u00e1nku nespravujete sami, m\u016f\u017eete p\u0159idat dal\u0161\u00ed u\u017eivatele s <strong>r\u016fznou \u00farovn\u00ed p\u0159\u00edstupu<\/strong>. Meta dnes pracuje s tzv. p\u0159\u00edstupy k Facebooku (Facebook access), kter\u00e9 ur\u010duj\u00ed, co m\u016f\u017ee dan\u00fd u\u017eivatel spravovat \u2013 nap\u0159\u00edklad obsah, zpr\u00e1vy nebo reklamy.<\/p>\n\n\n\n<p>Otev\u0159ete \u201eNastaven\u00ed\u201c \u2192 \u201eRole u str\u00e1nky\u201c \u2192 \u201eP\u0159idat osobu k t\u00e9to str\u00e1nce\u201c a vyberte odpov\u00eddaj\u00edc\u00ed \u00farove\u0148 p\u0159\u00edstupu.<\/p>\n\n\n\n<h2 class=\"wp-block-heading\">Jak optimalizovat Facebook str\u00e1nku pro vyhled\u00e1v\u00e1n\u00ed (Facebook SEO)?<\/h2>\n\n\n\n<p>Facebook dnes <strong>funguje i jako vyhled\u00e1va\u010d<\/strong>, kde u\u017eivatel\u00e9 hledaj\u00ed firmy, slu\u017eby nebo konkr\u00e9tn\u00ed produkty. Spr\u00e1vn\u00e1 optimalizace firemn\u00ed str\u00e1nky proto ovliv\u0148uje, jak snadno v\u00e1s lid\u00e9 najdou \u2013 nejen na Facebooku, ale i ve v\u00fdsledc\u00edch vyhled\u00e1v\u00e1n\u00ed na Googlu.<\/p>\n\n\n\n<h3 class=\"wp-block-heading\">Co m\u00e1 nejv\u011bt\u0161\u00ed vliv na viditelnost va\u0161\u00ed str\u00e1nky?<\/h3>\n\n\n\n<ul class=\"wp-block-list\">\n<li><strong>N\u00e1zev str\u00e1nky<\/strong>: Zvolte n\u00e1zev, kter\u00fd kombinuje brand a <a href=\"https:\/\/new.digiamo.cz\/new\/blog\/klicova-slova\/\">kl\u00ed\u010dov\u00e9 slovo<\/a> (nap\u0159. obor nebo lokalitu). Pom\u00e1h\u00e1 to jak u\u017eivatel\u016fm, tak algoritmu l\u00e9pe pochopit, co nab\u00edz\u00edte.<\/li>\n\n\n\n<li><strong>Popis str\u00e1nky (About)<\/strong>: Stru\u010dn\u011b a jasn\u011b vysv\u011btlete, co d\u011bl\u00e1te, a p\u0159irozen\u011b zakomponujte kl\u00ed\u010dov\u00e1 slova, kter\u00e1 lid\u00e9 vyhled\u00e1vaj\u00ed.<\/li>\n\n\n\n<li><strong>Kategorie a URL<\/strong>: Vyberte co nejrelevantn\u011bj\u0161\u00ed kategorii a nastavte vlastn\u00ed URL adresu str\u00e1nky \u2013 oboj\u00ed zvy\u0161uje d\u016fv\u011bryhodnost i dohledatelnost.<\/li>\n\n\n\n<li><strong>Aktivita a obsah<\/strong>: Facebook up\u0159ednost\u0148uje aktivn\u00ed str\u00e1nky. Pravideln\u011b publikovan\u00fd obsah a interakce (koment\u00e1\u0159e, sd\u00edlen\u00ed) maj\u00ed p\u0159\u00edm\u00fd vliv na dosah i viditelnost.<\/li>\n<\/ul>\n\n\n\n<h2 class=\"wp-block-heading\">Jak spravovat firemn\u00ed Facebook? Z\u00e1kladem je obsahov\u00e1 strategie<\/h2>\n\n\n\n<p>Zalo\u017eit firemn\u00ed str\u00e1nku je prvn\u00ed krok. T\u00edm dal\u0161\u00edm je zajistit, aby str\u00e1nka nebyla jen statick\u00e1 vizitka, ale skute\u010dn\u011b p\u0159itahovala z\u00e1kazn\u00edky jako magnet. Kl\u00ed\u010dem je <strong>promy\u0161len\u00e1 obsahov\u00e1 strategie<\/strong>, kter\u00e1 oslov\u00ed spr\u00e1vn\u00e9 publikum, podpo\u0159\u00ed interakci a pom\u016f\u017ee v\u00e1m dos\u00e1hnout obchodn\u00edch c\u00edl\u016f.<\/p>\n\n\n\n<figure class=\"wp-block-image size-full\"><img loading=\"lazy\" decoding=\"async\" width=\"816\" height=\"544\" src=\"https:\/\/new.digiamo.cz\/new\/wp-content\/uploads\/2025\/04\/image-17.png\" alt=\"\" class=\"wp-image-2298\" srcset=\"https:\/\/new.digiamo.cz\/new\/wp-content\/uploads\/2025\/04\/image-17.png 816w, https:\/\/new.digiamo.cz\/new\/wp-content\/uploads\/2025\/04\/image-17-300x200.png 300w, https:\/\/new.digiamo.cz\/new\/wp-content\/uploads\/2025\/04\/image-17-768x512.png 768w\" sizes=\"auto, (max-width: 816px) 100vw, 816px\" \/><\/figure>\n\n\n\n<h3 class=\"wp-block-heading\">Stanovte si jasn\u00e9 c\u00edle<\/h3>\n\n\n\n<p>Nejprve ur\u010dete, \u010deho chcete na Facebooku dos\u00e1hnout. Va\u0161e c\u00edle by m\u011bly b\u00fdt <strong>jasn\u00e9, m\u011b\u0159iteln\u00e9, dosa\u017eiteln\u00e9, relevantn\u00ed<\/strong> a <strong>\u010dasov\u011b ohrani\u010den\u00e9<\/strong>, nap\u0159\u00edklad:<\/p>\n\n\n\n<ul class=\"wp-block-list\">\n<li><strong>Zv\u00fd\u0161it pov\u011bdom\u00ed o zna\u010dce<\/strong>: C\u00edlem m\u016f\u017ee b\u00fdt dosa\u017een\u00ed ur\u010dit\u00e9ho po\u010dtu sleduj\u00edc\u00edch nebo zv\u00fd\u0161en\u00ed dosahu p\u0159\u00edsp\u011bvk\u016f o konkr\u00e9tn\u00ed procento b\u011bhem stanoven\u00e9ho obdob\u00ed.<\/li>\n\n\n\n<li><strong>Generovat n\u00e1v\u0161t\u011bvnost na web<\/strong>: Stanovte si c\u00edl zv\u00fd\u0161it po\u010det proklik\u016f z Facebooku na v\u00e1\u0161 web o ur\u010dit\u00e9 procento. \u200b<\/li>\n\n\n\n<li><strong>Podpo\u0159it prodej<\/strong>: Nap\u0159\u00edklad zv\u00fd\u0161it po\u010det objedn\u00e1vek poch\u00e1zej\u00edc\u00edch z Facebooku o stanoven\u00e9 mno\u017estv\u00ed. \u200b<\/li>\n<\/ul>\n\n\n\n<p>Hlavn\u00ed c\u00edle market\u00e9r\u016f na Facebooku podle Sproutsocial.com:<\/p>\n\n\n\n<figure class=\"wp-block-image size-full\"><img loading=\"lazy\" decoding=\"async\" width=\"712\" height=\"690\" src=\"https:\/\/new.digiamo.cz\/new\/wp-content\/uploads\/2025\/04\/image-16.png\" alt=\"\" class=\"wp-image-2296\" srcset=\"https:\/\/new.digiamo.cz\/new\/wp-content\/uploads\/2025\/04\/image-16.png 712w, https:\/\/new.digiamo.cz\/new\/wp-content\/uploads\/2025\/04\/image-16-300x291.png 300w\" sizes=\"auto, (max-width: 712px) 100vw, 712px\" \/><\/figure>\n\n\n\n<h3 class=\"wp-block-heading\">Poznejte sv\u00e9 publikum<\/h3>\n\n\n\n<p>D\u016fkladn\u00e9 pochopen\u00ed c\u00edlov\u00e9 skupiny je z\u00e1kladem \u00fasp\u011b\u0161n\u00e9 obsahov\u00e9 strategie, nebo\u0165 v\u00e1m umo\u017en\u00ed tvo\u0159it obsah, kter\u00fd bude rezonovat s&nbsp;va\u0161imi z\u00e1kazn\u00edky. Zva\u017ete n\u00e1sleduj\u00edc\u00ed aspekty:<\/p>\n\n\n\n<ul class=\"wp-block-list\">\n<li><strong>Demografick\u00e9 \u00fadaje<\/strong>: V\u011bk, pohlav\u00ed, lokalita, vzd\u011bl\u00e1n\u00ed, zam\u011bstn\u00e1n\u00ed apod.\u200b<\/li>\n\n\n\n<li><strong>Z\u00e1jmy a preference<\/strong>: Co va\u0161e publikum bav\u00ed? Jak\u00e9 m\u00e1 kon\u00ed\u010dky?<\/li>\n\n\n\n<li><strong>Probl\u00e9my a pot\u0159eby<\/strong>: Jak\u00e9 probl\u00e9my \u0159e\u0161\u00ed a jak jim m\u016f\u017eete pomoci?<\/li>\n<\/ul>\n\n\n\n<p>Pomoci v\u00e1m mohou tak\u00e9 tzv. persony \u2013 nebo <strong>konkr\u00e9tn\u00ed data o va\u0161em publiku, <\/strong>kter\u00e1 v\u00e1m umo\u017en\u00ed l\u00e9pe p\u0159izp\u016fsobit obsah.<\/p>\n\n\n\n<h3 class=\"wp-block-heading\">Nastavte t\u00f3n komunikace<\/h3>\n\n\n\n<p>T\u00f3n a styl komunikace by m\u011bly <strong>odpov\u00eddat<\/strong> <strong>charakteru zna\u010dky a rezonovat s va\u0161\u00edm publikem<\/strong>. Zva\u017ete, zda budete komunikovat form\u00e1ln\u011b, neform\u00e1ln\u011b, s humorem nebo seri\u00f3zn\u011b. Konzistence v t\u00f3nu nap\u0159\u00ed\u010d v\u0161emi p\u0159\u00edsp\u011bvky posiluje identitu zna\u010dky a buduje d\u016fv\u011bru.<\/p>\n\n\n\n<h3 class=\"wp-block-heading\">Sestavte obsahov\u00fd pl\u00e1n<\/h3>\n\n\n\n<p>Spont\u00e1nn\u00ed publikov\u00e1n\u00ed bez pl\u00e1nu zpravidla nefunguje. \u00dasp\u011b\u0161n\u00e9 firemn\u00ed str\u00e1nky pracuj\u00ed s obsahem systematicky a maj\u00ed <strong>jasn\u00fd harmonogram<\/strong>. Frekvence publikov\u00e1n\u00ed by m\u011bla odpov\u00eddat va\u0161im mo\u017enostem a kvalit\u011b obsahu. D\u016fle\u017eit\u011bj\u0161\u00ed ne\u017e konkr\u00e9tn\u00ed po\u010det p\u0159\u00edsp\u011bvk\u016f je konzistence a schopnost dlouhodob\u011b udr\u017eet kvalitn\u00ed komunikaci.<\/p>\n\n\n\n<ul class=\"wp-block-list\">\n<li><strong>Ur\u010dete frekvenci publikov\u00e1n\u00ed: <\/strong>rozhodn\u011bte, zda budete publikovat t\u0159eba 2x, 4x nebo 5x t\u00fddn\u011b<\/li>\n\n\n\n<li><strong>Rozd\u011blte typy obsahu<\/strong>: eduka\u010dn\u00ed, z\u00e1bavn\u00fd, propaga\u010dn\u00ed, interaktivn\u00ed apod.\u200b<\/li>\n\n\n\n<li><strong>Napl\u00e1nujte t\u00e9mata<\/strong>: p\u0159ipravte si seznam t\u00e9mat na n\u00e1sleduj\u00edc\u00ed m\u011bs\u00edc.<\/li>\n\n\n\n<li><strong>Vyberte nejlep\u0161\u00ed \u010dasy <\/strong>pro publikov\u00e1n\u00ed p\u0159\u00edsp\u011bvk\u016f: pomoc\u00ed analytik zjist\u011bte, kdy jsou va\u0161i sleduj\u00edc\u00ed nejv\u00edce online.<\/li>\n<\/ul>\n\n\n\n<figure class=\"wp-block-image size-large\"><img decoding=\"async\" src=\"https:\/\/new.digiamo.cz\/new\/wp-content\/uploads\/2025\/08\/pexels-mart-production-7679855-edited-scaled.jpg\" alt=\"\" class=\"wp-image-2675\"\/><\/figure>\n\n\n\n<h3 class=\"wp-block-heading\">Zam\u011b\u0159te se na kvalitn\u00ed obsah a texty<\/h3>\n\n\n\n<p>Facebook up\u0159ednost\u0148uje obsah, kter\u00fd vyvol\u00e1v\u00e1 interakce (koment\u00e1\u0159e, sd\u00edlen\u00ed), proto je d\u016fle\u017eit\u00e9 tvo\u0159it p\u0159\u00edsp\u011bvky, kter\u00e9 zapojuj\u00ed publikum. Poutav\u00fd obsah zvy\u0161uje \u0161anci na <strong>sd\u00edlen\u00ed a interakci<\/strong>. Kvalitn\u00ed popisek zase m\u00e1 s\u00edlu <strong>zv\u00fd\u0161it zapojen\u00ed, podn\u00edtit akci<\/strong> a zlep\u0161it n\u00e1vratnost investic. P\u0159esto je mnoho zna\u010dek zanedb\u00e1v\u00e1.<\/p>\n\n\n\n<p>Popisky na Facebooku by m\u011bly zn\u00edt <strong>p\u0159irozen\u011b a lidsky<\/strong>, m\u00edt jasn\u00fd z\u00e1m\u011br, obsahovat <strong>siln\u00e9 v\u00fdzvy k akci<\/strong> (CTA) a <strong>kl\u00e1st ot\u00e1zky<\/strong>, kter\u00e9 vyb\u00edz\u00ed k diskusi.<\/p>\n\n\n\n<p><em><strong>Tip<\/strong>: Pamatujte, \u017ee samotn\u00e1 tvorba obsahu nesta\u010d\u00ed \u2013 d\u016fle\u017eit\u00e1 je i jeho distribuce a p\u0159\u00edpadn\u00e1 podpora reklamou.<\/em><\/p>\n\n\n\n<h2 class=\"wp-block-heading\">Jak\u00fd obsah publikovat na firemn\u00ed Facebook?<\/h2>\n\n\n\n<p>Abyste usp\u011bli, pot\u0159ebujete publikovat <strong>mix r\u016fzn\u00fdch p\u0159\u00edsp\u011bvk\u016f<\/strong>, kter\u00e9 oslov\u00ed a z\u00edskaj\u00ed d\u016fv\u011bru va\u0161eho publika. Co tedy sd\u00edlet?<\/p>\n\n\n\n<ul class=\"wp-block-list\">\n<li><strong>Eduka\u010dn\u00ed obsah<\/strong> \u2013 pomozte sv\u00e9mu publiku \u0159e\u0161it probl\u00e9my. P\u0159\u00edklad: \u201e5 tip\u016f, jak vybrat spr\u00e1vn\u00fd kr\u00e9m na obli\u010dej podle typu pleti.\u201c<\/li>\n\n\n\n<li><strong>Z\u00e1kulisn\u00ed pohled do firmy<\/strong> \u2013 budujte d\u016fv\u011bru a uka\u017ete lidskou str\u00e1nku zna\u010dky. P\u0159\u00edklad: Fotka t\u00fdmu na porad\u011b + popis, jak vym\u00fd\u0161l\u00edte nov\u00e9 strategie.<\/li>\n\n\n\n<li><strong>P\u0159\u00edb\u011bhy z\u00e1kazn\u00edk\u016f (User-Generated Content)<\/strong> \u2013 sd\u00edlejte recenze a zku\u0161enosti z\u00e1kazn\u00edk\u016f. P\u0159\u00edklad: \u201ePod\u00edvejte se, jak na\u0161i klienti vyu\u017e\u00edvaj\u00ed n\u00e1\u0161 produkt \u2013 sd\u00edlejte i vy sv\u016fj p\u0159\u00edb\u011bh!<\/li>\n\n\n\n<li><strong>Interaktivn\u00ed obsah<\/strong> \u2013 ankety, ot\u00e1zky, sout\u011b\u017ee. P\u0159\u00edklad: \u201eJak\u00fd design tri\u010dka byste cht\u011bli vid\u011bt v na\u0161\u00ed nov\u00e9 kolekci? Hlasujte!\u201c<\/li>\n\n\n\n<li><strong>Trendy a aktu\u00e1ln\u00ed ud\u00e1losti<\/strong> \u2013 zapojte se do vir\u00e1ln\u00edch t\u00e9mat, pokud d\u00e1vaj\u00ed smysl pro va\u0161i zna\u010dku. P\u0159\u00edklad: \u201e#EarthDay \u2013 Jak\u00e9 kroky podnik\u00e1me ke sn\u00ed\u017een\u00ed plastov\u00e9ho odpadu?\u201c<\/li>\n\n\n\n<li><strong>Propaga\u010dn\u00ed p\u0159\u00edsp\u011bvky<\/strong> \u2013 prodejn\u00ed obsah samoz\u0159ejm\u011b nesm\u00ed chyb\u011bt, ale <strong>sd\u00edlejte ho s m\u00edrou<\/strong>. Pokud se budete soust\u0159edit jen na prodejn\u00ed p\u0159\u00edsp\u011bvky, lid\u00e9 va\u0161i str\u00e1nku budou ignorovat. P\u0159\u00edklad: \u201eTento t\u00fdden sleva 20 % na v\u0161echny produkty. K\u00f3d: JARNI20\u201c<\/li>\n<\/ul>\n\n\n\n<p><strong><em>Tip<\/em><\/strong><em>: V\u011bt\u0161ina obsahu by m\u011bla b\u00fdt <strong>hodnotn\u00e1 nebo z\u00e1bavn\u00e1<\/strong>, zat\u00edmco prodejn\u00ed p\u0159\u00edsp\u011bvky by m\u011bly tvo\u0159it sp\u00ed\u0161e men\u0161\u00ed \u010d\u00e1st \u2013 typicky kolem 10\u201320 %<\/em>.<\/p>\n\n\n\n<h2 class=\"wp-block-heading\">Jak\u00fdmi form\u00e1ty z\u00edskat fanou\u0161ky na Facebooku?<\/h2>\n\n\n\n<p>Facebook u\u017e d\u00e1vno nen\u00ed o sd\u00edlen\u00ed fotek a textov\u00fdch status\u016f. Tato soci\u00e1ln\u00ed platforma preferuje <strong>dynamick\u00fd a interaktivn\u00ed obsah<\/strong>, kter\u00fd zvy\u0161uje zapojen\u00ed u\u017eivatel\u016f, proto je d\u016fle\u017eit\u00e9 st\u0159\u00eddat r\u016fzn\u00e9 form\u00e1ty. Od kr\u00e1tk\u00fdch vide\u00ed Reels p\u0159es Stories a\u017e po \u017eiv\u00e1 vys\u00edl\u00e1n\u00ed. <\/p>\n\n\n\n<p>Jak\u00e9 form\u00e1ty tedy aktu\u00e1ln\u011b funguj\u00ed nejl\u00e9pe?<\/p>\n\n\n\n<h3 class=\"wp-block-heading\">Reels \u2013 kr\u00e1tk\u00e1 videa s nejvy\u0161\u0161\u00edm dosahem<\/h3>\n\n\n\n<p>Facebook masivn\u011b podporuje Reels, proto\u017ee jsou rychl\u00e9, poutav\u00e9 a snadno sd\u00edlen\u00e9. D\u016fle\u017eit\u011bj\u0161\u00ed ne\u017e jeho d\u00e9lka je <strong>poutav\u00fd za\u010d\u00e1tek<\/strong> (tzv. hook) v prvn\u00edch 3 sekund\u00e1ch a schopnost <strong>udr\u017eet pozornost div\u00e1ka<\/strong>. P\u0159idejte hudbu, text nebo efekty, aby video bylo atraktivn\u011bj\u0161\u00ed.<\/p>\n\n\n\n<h3 class=\"wp-block-heading\">Stories \u2013 autentick\u00fd a kr\u00e1tkodob\u00fd obsah<\/h3>\n\n\n\n<p>Stories miz\u00ed po <strong>24 hodin\u00e1ch<\/strong>, co\u017e podporuje pravideln\u00e9 zapojen\u00ed sleduj\u00edc\u00edch. Funguj\u00ed skv\u011ble pro z\u00e1kulisn\u00ed pohledy, ankety, ot\u00e1zky nebo rychl\u00e9 upout\u00e1vky na novinky. Pou\u017e\u00edvejte interaktivn\u00ed prvky (GIFy, ot\u00e1zky, posuvn\u00edky) pro zv\u00fd\u0161en\u00ed engagementu.<\/p>\n\n\n\n<h3 class=\"wp-block-heading\">Klasick\u00e9 p\u0159\u00edsp\u011bvky s&nbsp;atraktivn\u00edmi vizu\u00e1ly<\/h3>\n\n\n\n<p>Statick\u00e9 obr\u00e1zky st\u00e1le maj\u00ed sv\u00e9 m\u00edsto, ale dnes u\u017e nepat\u0159\u00ed mezi nejv\u00fdkonn\u011bj\u0161\u00ed form\u00e1ty. L\u00e9pe funguj\u00ed jako <strong>dopln\u011bk k ostatn\u00edmu obsahu<\/strong> \u2013 zejm\u00e9na pokud jsou vizu\u00e1ln\u011b v\u00fdrazn\u00e9 nebo p\u0159in\u00e1\u0161ej\u00ed konkr\u00e9tn\u00ed hodnotu (nap\u0159. tipy, infografiky). V n\u011bkter\u00fdch p\u0159\u00edpadech mohou fungovat i odleh\u010den\u00e9 nebo<strong> z\u00e1bavn\u00e9 form\u00e1ty<\/strong> (nap\u0159. memy), pokud odpov\u00eddaj\u00ed stylu zna\u010dky.<\/p>\n\n\n\n<h3 class=\"wp-block-heading\">Karusely \u2013 v\u00edce obsahu v jednom p\u0159\u00edsp\u011bvku<\/h3>\n\n\n\n<p>Karuselov\u00e9 p\u0159\u00edsp\u011bvky pat\u0159\u00ed mezi form\u00e1ty s <strong>vysokou m\u00edrou zapojen\u00ed<\/strong>, proto\u017ee nut\u00ed u\u017eivatele interagovat (proch\u00e1zet obsah). Umo\u017e\u0148uj\u00ed sd\u00edlet <strong>a\u017e 19 obr\u00e1zk\u016f nebo vide\u00ed<\/strong>, co\u017e je ide\u00e1ln\u00ed pro n\u00e1vody, produktov\u00e9 galerie nebo vypr\u00e1v\u011bn\u00ed p\u0159\u00edb\u011bh\u016f.<\/p>\n\n\n\n<h3 class=\"wp-block-heading\">\u017div\u00e1 vys\u00edl\u00e1n\u00ed \u2013 p\u0159\u00edm\u00e1 interakce se sleduj\u00edc\u00edmi<\/h3>\n\n\n\n<p>Live videa jsou skv\u011bl\u00fdm n\u00e1strojem pro budov\u00e1n\u00ed komunity. Pou\u017eijte je pro Q&amp;A, uk\u00e1zky produkt\u016f nebo exkluzivn\u00ed obsah. Optim\u00e1ln\u00ed d\u00e9lka 10+ minut.<\/p>\n\n\n\n<figure class=\"wp-block-image size-large\"><img loading=\"lazy\" decoding=\"async\" width=\"1024\" height=\"683\" src=\"https:\/\/new.digiamo.cz\/new\/wp-content\/uploads\/2025\/05\/28.-4.-2025-08_12_37-1024x683.png\" alt=\"\" class=\"wp-image-2303\" srcset=\"https:\/\/new.digiamo.cz\/new\/wp-content\/uploads\/2025\/05\/28.-4.-2025-08_12_37-1024x683.png 1024w, https:\/\/new.digiamo.cz\/new\/wp-content\/uploads\/2025\/05\/28.-4.-2025-08_12_37-300x200.png 300w, https:\/\/new.digiamo.cz\/new\/wp-content\/uploads\/2025\/05\/28.-4.-2025-08_12_37-768x512.png 768w, https:\/\/new.digiamo.cz\/new\/wp-content\/uploads\/2025\/05\/28.-4.-2025-08_12_37.png 1536w\" sizes=\"auto, (max-width: 1024px) 100vw, 1024px\" \/><\/figure>\n\n\n\n<p><strong><em>Tip:<\/em><\/strong><em> Pravideln\u011b testujte r\u016fzn\u00e9 form\u00e1ty a sledujte, co funguje nejl\u00e9pe \u2013 pr\u00e1v\u011b data v\u00e1m uk\u00e1\u017eou, jak\u00fd obsah va\u0161e publikum skute\u010dn\u011b zaj\u00edm\u00e1. Facebook up\u0159ednost\u0148uje obsah, kter\u00fd lid\u00e9 lajkuj\u00ed, sd\u00edl\u00ed a komentuj\u00ed, tak\u017ee kl\u00ed\u010dem k \u00fasp\u011bchu je <strong>autenticita a zapojen\u00ed sleduj\u00edc\u00edch<\/strong>.<\/em><\/p>\n\n\n\n<h2 class=\"wp-block-heading\">Jak propagovat firmu na Facebooku pomoc\u00ed placen\u00e9 reklamy?<\/h2>\n\n\n\n<p>Bez placen\u00e9 propagace je dnes r\u016fst firemn\u00ed str\u00e1nky na Facebooku v\u00fdrazn\u011b omezen\u00fd. Placen\u00e1 reklama v\u00e1m umo\u017en\u00ed oslovit nov\u00e9 publikum, zvy\u0161ovat n\u00e1v\u0161t\u011bvnost webu nebo generovat objedn\u00e1vky. Na rozd\u00edl od organick\u00e9ho dosahu m\u00e1te plnou <strong>kontrolu nad t\u00edm, komu se reklama zobraz\u00ed<\/strong>.<\/p>\n\n\n\n<p>S pomoc\u00ed <strong>Meta Ads Manager<\/strong> m\u016f\u017eete nastavovat kampan\u011b podle konkr\u00e9tn\u00edch c\u00edl\u016f, sledovat jejich v\u00fdkon a efektivn\u011b spravovat rozpo\u010det. K Ads Manageru m\u016f\u017eete p\u0159istupovat p\u0159\u00edmo z Meta Business Suite, kde spravujete obsah, komunikaci i reklamy na jednom m\u00edst\u011b. Platforma dnes ve velk\u00e9 m\u00ed\u0159e vyu\u017e\u00edv\u00e1 <strong>automatizaci a AI<\/strong>, kter\u00e9 pom\u00e1haj\u00ed <strong>optimalizovat doru\u010dov\u00e1n\u00ed reklam<\/strong> a zvy\u0161ovat jejich v\u00fdkon.<\/p>\n\n\n\n<h3 class=\"wp-block-heading\">Nastavte p\u0159\u00edstup do nastaven\u00ed \u00fa\u010dt\u016f<\/h3>\n\n\n\n<ul class=\"wp-block-list\">\n<li>P\u0159ihlaste se do sv\u00e9ho \u00fa\u010dtu v Meta Business Suite a p\u0159ejd\u011bte do nastaven\u00ed. <\/li>\n\n\n\n<li>V sekci reklamn\u00edch \u00fa\u010dt\u016f m\u016f\u017eete p\u0159idat existuj\u00edc\u00ed \u00fa\u010det, po\u017e\u00e1dat o p\u0159\u00edstup nebo vytvo\u0159it nov\u00fd. <\/li>\n\n\n\n<li>Nastavte opr\u00e1vn\u011bn\u00ed jednotliv\u00fdch u\u017eivatel\u016f podle toho, kdo bude kampan\u011b spravovat.<\/li>\n<\/ul>\n\n\n\n<h3 class=\"wp-block-heading\">P\u0159idejte nebo vytvo\u0159te reklamn\u00ed \u00fa\u010det<\/h3>\n\n\n\n<p>Klikn\u011bte na tla\u010d\u00edtko P\u0159idat \u2013 zobraz\u00ed se v\u00e1m 3 mo\u017enosti:<\/p>\n\n\n\n<ul class=\"wp-block-list\">\n<li><strong>P\u0159idat \u00fa\u010det pro reklamu<\/strong>: Tuto mo\u017enost zvolte, pokud ji\u017e m\u00e1te existuj\u00edc\u00ed reklamn\u00ed \u00fa\u010det, kter\u00fd chcete p\u0159idat do sv\u00e9ho Business Suite. Pozor, p\u0159id\u00e1n\u00ed existuj\u00edc\u00edho \u00fa\u010dtu je nevratn\u00e9 a \u00fa\u010det bude trvale p\u0159i\u0159azen k va\u0161emu Business Manageru.\u200b<\/li>\n\n\n\n<li><strong>Po\u017e\u00e1dat o p\u0159\u00edstup k \u00fa\u010dtu pro reklamu<\/strong>: Tuto variantu vyberte, pokud pot\u0159ebujete p\u0159\u00edstup k reklamn\u00edmu \u00fa\u010dtu, kter\u00fd vlastn\u00ed n\u011bkdo jin\u00fd (nap\u0159. klient nebo partner).<\/li>\n\n\n\n<li><strong>Vytvo\u0159it nov\u00fd \u00fa\u010det pro reklamu<\/strong>: Pro tuto mo\u017enost se rozhodn\u011bte, pokud chcete vytvo\u0159it zcela nov\u00fd reklamn\u00ed \u00fa\u010det.<\/li>\n<\/ul>\n\n\n\n<h3 class=\"wp-block-heading\">Jak nastavit nov\u00fd reklamn\u00ed \u00fa\u010det?<\/h3>\n\n\n\n<p>Pokud jste zvolili mo\u017enost <em>Vytvo\u0159it nov\u00fd \u00fa\u010det pro reklamu<\/em>:<\/p>\n\n\n\n<ul class=\"wp-block-list\">\n<li>Zadejte n\u00e1zev \u00fa\u010dtu, kter\u00fd odpov\u00edd\u00e1 n\u00e1zvu va\u0161\u00ed spole\u010dnosti nebo projektu. \u200b<\/li>\n\n\n\n<li>Vyberte spr\u00e1vn\u00e9 \u010dasov\u00e9 p\u00e1smo, m\u011bnu a zp\u016fsob platby. \u200b<\/li>\n\n\n\n<li>P\u0159i\u0159a\u010fte \u00fa\u010det sv\u00e9 firm\u011b a vyberte osoby, kter\u00e9 budou m\u00edt k \u00fa\u010dtu p\u0159\u00edstup. \u200b<\/li>\n\n\n\n<li>Klikn\u011bte na Vytvo\u0159it.<\/li>\n<\/ul>\n\n\n\n<h3 class=\"wp-block-heading\">P\u0159idejte platebn\u00ed metodu<\/h3>\n\n\n\n<ul class=\"wp-block-list\">\n<li>Po vytvo\u0159en\u00ed \u00fa\u010dtu p\u0159ejd\u011bte do <em>Nastaven\u00ed plateb.<\/em><\/li>\n\n\n\n<li>Klikn\u011bte na <em>P\u0159idat zp\u016fsob platby.<\/em><\/li>\n\n\n\n<li>Vyberte preferovan\u00fd zp\u016fsob platby (nap\u0159. kreditn\u00ed\/debetn\u00ed karta, PayPal) a zadejte pot\u0159ebn\u00e9 \u00fadaje.<\/li>\n\n\n\n<li>Ulo\u017ete zm\u011bny.<\/li>\n<\/ul>\n\n\n\n<h3 class=\"wp-block-heading\">Kolik investovat do reklamy na facebooku?<\/h3>\n\n\n\n<p>V\u00fd\u0161i rozpo\u010dtu si nastavujete sami, co\u017e znamen\u00e1, \u017ee m\u016f\u017eete za\u010d\u00edt i s men\u0161\u00ed investic\u00ed. Pokud s reklamou teprve za\u010d\u00edn\u00e1te, doporu\u010duje se za\u010d\u00edt nap\u0159\u00edklad na \u00farovni <strong>n\u011bkolika set korun denn\u011b<\/strong> a postupn\u011b rozpo\u010det <strong>navy\u0161ovat podle v\u00fdsledk\u016f<\/strong>.<\/p>\n\n\n\n<p>D\u016fle\u017eit\u00e9 je sledovat n\u00e1vratnost investice (nap\u0159. cenu za proklik nebo konverzi) a <strong>rozpo\u010det upravovat na z\u00e1klad\u011b dat<\/strong>. Nejde toti\u017e jen o to, kolik investujete, ale jak efektivn\u011b reklamu nastav\u00edte a optimalizujete.<\/p>\n\n\n\n<h2 class=\"wp-block-heading\">Nej\u010dast\u011bj\u0161\u00ed chyby p\u0159i propagaci na Facebooku<\/h2>\n\n\n\n<p>I dob\u0159e nastaven\u00e1 str\u00e1nka nebo kampa\u0148 nemus\u00ed p\u0159in\u00e1\u0161et v\u00fdsledky, pokud d\u011bl\u00e1te n\u011bkterou z t\u011bchto \u010dast\u00fdch chyb:<\/p>\n\n\n\n<h3 class=\"wp-block-heading\">Publikov\u00e1n\u00ed bez strategie<\/h3>\n\n\n\n<p>N\u00e1hodn\u00e9 p\u0159\u00edsp\u011bvky bez jasn\u00e9ho c\u00edle dlouhodob\u011b nefunguj\u00ed. Ka\u017ed\u00fd obsah by m\u011bl m\u00edt sv\u016fj \u00fa\u010del \u2013 budovat zna\u010dku, edukovat nebo prod\u00e1vat.<\/p>\n\n\n\n<h3 class=\"wp-block-heading\">P\u0159\u00edli\u0161 prodejn\u00ed obsah<\/h3>\n\n\n\n<p>Pokud se soust\u0159ed\u00edte jen na prodej, lid\u00e9 v\u00e1s za\u010dnou ignorovat. V\u011bt\u0161ina obsahu by m\u011bla b\u00fdt hodnotn\u00e1 nebo z\u00e1bavn\u00e1, ne pouze prodejn\u00ed.<\/p>\n\n\n\n<h3 class=\"wp-block-heading\">Podce\u0148ov\u00e1n\u00ed kreativy<\/h3>\n\n\n\n<p>Slab\u00e9 vizu\u00e1ly nebo nezaj\u00edmav\u00fd text v\u00fdrazn\u011b sni\u017euj\u00ed v\u00fdkon p\u0159\u00edsp\u011bvk\u016f i reklam. Prvn\u00ed dojem rozhoduje.<\/p>\n\n\n\n<h3 class=\"wp-block-heading\">Ignorov\u00e1n\u00ed dat a v\u00fdsledk\u016f<\/h3>\n\n\n\n<p>Bez pravideln\u00e9ho vyhodnocov\u00e1n\u00ed nev\u00edte, co funguje. \u00dasp\u011b\u0161n\u00e9 zna\u010dky pracuj\u00ed s daty a pr\u016fb\u011b\u017en\u011b optimalizuj\u00ed svou strategii.<\/p>\n\n\n\n<h3 class=\"wp-block-heading\">Spol\u00e9h\u00e1n\u00ed pouze na organick\u00fd dosah<\/h3>\n\n\n\n<p>Bez placen\u00e9 podpory oslov\u00edte jen omezen\u00e9 publikum. Reklama je dnes kl\u00ed\u010dovou sou\u010d\u00e1st\u00ed r\u016fstu.<\/p>\n\n\n\n<h2 class=\"wp-block-heading\">Jak spravovat Facebook a Instagram z jednoho m\u00edsta?<\/h2>\n\n\n\n<p>Meta (d\u0159\u00edve Facebook) Business Suite spojuje <strong>spr\u00e1vu obsahu, komunikace a z\u00e1kladn\u00edch reklamn\u00edch aktivit <\/strong>do jedn\u00e9 platformy. Meta Business Suite v\u00e1m umo\u017en\u00ed spravovat Facebook i Instagram z jednoho m\u00edsta, co\u017e \u0161et\u0159\u00ed \u010das a usnad\u0148uje organizaci obsahu.<\/p>\n\n\n\n<p>V jednom <strong>p\u0159ehledn\u00e9m dashboardu<\/strong> m\u016f\u017eete sledovat v\u00fdkon sv\u00fdch str\u00e1nek, pl\u00e1novat p\u0159\u00edsp\u011bvky i spravovat interakce se sleduj\u00edc\u00edmi \u2013 bez nutnosti p\u0159ep\u00ednat mezi jednotliv\u00fdmi \u00fa\u010dty. Platforma nav\u00edc postupn\u011b integruje <strong>n\u00e1stroje vyu\u017e\u00edvaj\u00edc\u00ed AI<\/strong>, kter\u00e9 pom\u00e1haj\u00ed s pl\u00e1nov\u00e1n\u00edm obsahu i optimalizac\u00ed v\u00fdkonu.<\/p>\n\n\n\n<p>Pro pokro\u010dilej\u0161\u00ed spr\u00e1vu reklam se v\u0161ak st\u00e1le vyu\u017e\u00edv\u00e1 <strong>Meta Ads Manager<\/strong>, kter\u00fd nab\u00edz\u00ed detailn\u011bj\u0161\u00ed nastaven\u00ed kampan\u00ed.<\/p>\n\n\n\n<h3 class=\"wp-block-heading\">Jak\u00e9 jsou kl\u00ed\u010dov\u00e9 funkce Meta Business Suite?<\/h3>\n\n\n\n<ul class=\"wp-block-list\">\n<li><strong>Publikov\u00e1n\u00ed a pl\u00e1nov\u00e1n\u00ed obsahu:<\/strong> Umo\u017e\u0148uje vytv\u00e1\u0159et, pl\u00e1novat a spravovat ve\u0161ker\u00fd obsah na Facebooku a Instagramu z jednoho m\u00edsta.<\/li>\n\n\n\n<li><strong>Anal\u00fdza v\u00fdkonu:<\/strong> Poskytuje p\u0159\u00edstup k analytick\u00fdm n\u00e1stroj\u016fm pro sledov\u00e1n\u00ed metrik, jako jsou dosah p\u0159\u00edsp\u011bvk\u016f, m\u00edra zapojen\u00ed a demografick\u00e9 \u00fadaje publika.<\/li>\n\n\n\n<li><strong>Spr\u00e1va zpr\u00e1v:<\/strong> Konsoliduje zpr\u00e1vy a koment\u00e1\u0159e z obou platforem do jednotn\u00e9 schr\u00e1nky, co\u017e umo\u017e\u0148uje efektivn\u011bj\u0161\u00ed komunikaci se sleduj\u00edc\u00edmi.<\/li>\n\n\n\n<li><strong>Spr\u00e1va reklam:<\/strong> Umo\u017e\u0148uje vytv\u00e1\u0159et, spravovat a optimalizovat reklamn\u00ed kampan\u011b na Facebooku a Instagramu.<\/li>\n<\/ul>\n\n\n\n<p>Pro praktickou uk\u00e1zku pr\u00e1ce s n\u00e1strojem se pod\u00edvejte na n\u00e1sleduj\u00edc\u00ed video:<\/p>\n\n\n\n<figure class=\"wp-block-embed is-type-video is-provider-youtube wp-block-embed-youtube wp-embed-aspect-16-9 wp-has-aspect-ratio\"><div class=\"wp-block-embed__wrapper\">\n<iframe loading=\"lazy\" title=\"How To Use Meta Business Suite (2026) Complete Tutorial\" width=\"500\" height=\"281\" src=\"https:\/\/www.youtube.com\/embed\/HEInZkpBiwg?feature=oembed\" frameborder=\"0\" allow=\"accelerometer; autoplay; clipboard-write; encrypted-media; gyroscope; picture-in-picture; web-share\" referrerpolicy=\"strict-origin-when-cross-origin\" allowfullscreen><\/iframe>\n<\/div><\/figure>\n\n\n\n<h2 class=\"wp-block-heading\">Jak vytvo\u0159it reklamn\u00ed kampa\u0148 ve Facebook Ads Manageru?<\/h2>\n\n\n\n<p>Nyn\u00ed, kdy\u017e m\u00e1te v\u0161e nastaveno, m\u016f\u017eete spustit svou prvn\u00ed reklamn\u00ed kampa\u0148. Nev\u00edte, jak na to? Postupujte podle n\u00e1sleduj\u00edc\u00edch krok\u016f:<\/p>\n\n\n\n<h3 class=\"wp-block-heading\">Krok 1: Vytvo\u0159te kampa\u0148<\/h3>\n\n\n\n<ol class=\"wp-block-list\">\n<li>Otev\u0159ete Meta Ads Manager.<\/li>\n\n\n\n<li>Klikn\u011bte na <em>Vytvo\u0159it<\/em> pro zah\u00e1jen\u00ed nov\u00e9 kampan\u011b.<\/li>\n\n\n\n<li>Vyberte c\u00edl kampan\u011b, nap\u0159\u00edklad zv\u00fd\u0161en\u00ed pov\u011bdom\u00ed (Awareness), n\u00e1v\u0161t\u011bvnost (Traffic), zapojen\u00ed (Engagement), z\u00edsk\u00e1v\u00e1n\u00ed kontakt\u016f (Leads) nebo prodej (Sales).<\/li>\n<\/ol>\n\n\n\n<h3 class=\"wp-block-heading\">Krok 2: Nastavte rozpo\u010det a harmonogram<\/h3>\n\n\n\n<ul class=\"wp-block-list\">\n<li>Zvolte, zda chcete nastavit denn\u00ed nebo celkov\u00fd rozpo\u010det.<\/li>\n\n\n\n<li>Ur\u010dete datum zah\u00e1jen\u00ed a ukon\u010den\u00ed kampan\u011b.<\/li>\n<\/ul>\n\n\n\n<p>P\u0159i vyu\u017eit\u00ed <strong>automatick\u00e9 optimalizace <\/strong>nech\u00e1te Metu rozd\u011blit rozpo\u010det tam, kde je nejv\u011bt\u0161\u00ed pravd\u011bpodobnost dosa\u017een\u00ed v\u00fdsledk\u016f. Meta dnes ve velk\u00e9 m\u00ed\u0159e vyu\u017e\u00edv\u00e1 automatizaci (nap\u0159. Advantage+ kampan\u011b), kter\u00e9 pom\u00e1haj\u00ed optimalizovat v\u00fdkon bez nutnosti detailn\u00edho nastavov\u00e1n\u00ed.<\/p>\n\n\n\n<h3 class=\"wp-block-heading\">Krok 3: Definujte c\u00edlov\u00e9 publikum<\/h3>\n\n\n\n<p>P\u0159esn\u00e9 c\u00edlen\u00ed je kl\u00ed\u010dem k \u00fasp\u011bchu. M\u016f\u017eete vybrat:<\/p>\n\n\n\n<ul class=\"wp-block-list\">\n<li>Z\u00e1kladn\u00ed c\u00edlen\u00ed (v\u011bk, pohlav\u00ed, lokalita, jazyk).<\/li>\n\n\n\n<li>Detailn\u00ed c\u00edlen\u00ed (z\u00e1jmy, chov\u00e1n\u00ed, zam\u011bstn\u00e1n\u00ed).<\/li>\n\n\n\n<li>Vlastn\u00ed publikum \u2013 nap\u0159\u00edklad u\u017eivatele, kte\u0159\u00ed ji\u017e nav\u0161t\u00edvili v\u00e1\u0161 web nebo interagovali s va\u0161\u00ed str\u00e1nkou.<\/li>\n\n\n\n<li>Lookalike Audience (podobn\u00e9 publikum), kdy Meta najde u\u017eivatele, kte\u0159\u00ed se podobaj\u00ed va\u0161im st\u00e1vaj\u00edc\u00edm z\u00e1kazn\u00edk\u016fm.<\/li>\n<\/ul>\n\n\n\n<h3 class=\"wp-block-heading\">Krok 4: Vyberte um\u00edst\u011bn\u00ed reklamy<\/h3>\n\n\n\n<ul class=\"wp-block-list\">\n<li>Ponechte volbu \u201eautomatick\u00e9 um\u00edst\u011bn\u00ed&#8221;, kdy Meta sama optimalizuje zobrazen\u00ed, nebo zvolte ru\u010dn\u00ed nastaven\u00ed a vyberte konkr\u00e9tn\u00ed um\u00edst\u011bn\u00ed, jako je Feed, Stories, Reels, Messenger nebo Audience Network.<\/li>\n\n\n\n<li>Pokud propagujete video, doporu\u010duje se vyu\u017e\u00edt Reels a Stories, kter\u00e9 maj\u00ed vy\u0161\u0161\u00ed m\u00edru zapojen\u00ed.<\/li>\n<\/ul>\n\n\n\n<p><em><strong>Tip<\/strong>: Ve v\u011bt\u0161in\u011b p\u0159\u00edpad\u016f se doporu\u010duje ponechat automatick\u00e1 um\u00edst\u011bn\u00ed, kter\u00e1 Meta optimalizuje podle v\u00fdkonu.<\/em><\/p>\n\n\n\n<h3 class=\"wp-block-heading\">Krok 5: Vytvo\u0159te reklamn\u00ed vizu\u00e1l<\/h3>\n\n\n\n<p>Vyberte vhodn\u00fd form\u00e1t pro va\u0161i reklamu:<\/p>\n\n\n\n<ul class=\"wp-block-list\">\n<li>Obr\u00e1zek a text \u2013 jednoduch\u00fd a efektivn\u00ed.<\/li>\n\n\n\n<li>Video (Reels, Stories) \u2013 pro zv\u00fd\u0161en\u00ed m\u00edry zapojen\u00ed.<\/li>\n\n\n\n<li>Karusel \u2013 ide\u00e1ln\u00ed pro e-shopy, umo\u017e\u0148uje prezentaci v\u00edce produkt\u016f v jedn\u00e9 reklam\u011b.<\/li>\n<\/ul>\n\n\n\n<p><em><strong>Tip<\/strong>: V\u00fdkon reklamy dnes v\u00fdrazn\u011b ovliv\u0148uje <strong>kvalita kreativ <\/strong>\u2013 tedy vizu\u00e1lu a textu. Prvn\u00ed sekundy nebo vizu\u00e1ln\u00ed dojem \u010dasto rozhoduj\u00ed o \u00fasp\u011bchu kampan\u011b. Nezapome\u0148te na jasnou v\u00fdzvu k akci (CTA), kter\u00e1 u\u017eivatele navede k dal\u0161\u00edmu kroku \u2013 nap\u0159\u00edklad kliknut\u00ed, n\u00e1kupu nebo registraci.<\/em><\/p>\n\n\n\n<h3 class=\"wp-block-heading\">Krok 6: Spus\u0165te reklamu<\/h3>\n\n\n\n<p>Po dokon\u010den\u00ed nastaven\u00ed reklamy klikn\u011bte na <em>Potvrdit<\/em>. Reklama bude po odesl\u00e1n\u00ed schv\u00e1lena, obvykle b\u011bhem n\u011bkolika hodin. T\u00edmto zp\u016fsobem m\u016f\u017eete vytvo\u0159it efektivn\u00ed reklamn\u00ed kampa\u0148 v Meta Ads Manageru a optimalizovat jej\u00ed v\u00fdkon na z\u00e1klad\u011b z\u00edskan\u00fdch dat.<\/p>\n\n\n\n<p>Podrobn\u00fd n\u00e1vod na nastaven\u00ed a spr\u00e1vu reklam v Meta Ads Manageru najdete v tomto videu:<\/p>\n\n\n\n<figure class=\"wp-block-embed is-type-video is-provider-youtube wp-block-embed-youtube wp-embed-aspect-16-9 wp-has-aspect-ratio\"><div class=\"wp-block-embed__wrapper\">\n<iframe loading=\"lazy\" title=\"The BEST Facebook Ads Campaign Structure\" width=\"500\" height=\"281\" src=\"https:\/\/www.youtube.com\/embed\/cqNsMJPoM7c?feature=oembed\" frameborder=\"0\" allow=\"accelerometer; autoplay; clipboard-write; encrypted-media; gyroscope; picture-in-picture; web-share\" referrerpolicy=\"strict-origin-when-cross-origin\" allowfullscreen><\/iframe>\n<\/div><\/figure>\n\n\n\n<h2 class=\"wp-block-heading\">Jak zv\u00fd\u0161it zapojen\u00ed fanou\u0161k\u016f na Facebooku?<\/h2>\n\n\n\n<p>M\u00e1te skv\u011bl\u00fd obsah, ale lid\u00e9 nereaguj\u00ed? M\u00edra zapojen\u00ed (engagement) pat\u0159\u00ed mezi kl\u00ed\u010dov\u00e9 faktory, kter\u00e9 ovliv\u0148uj\u00ed dosah va\u0161ich p\u0159\u00edsp\u011bvk\u016f. Facebook dnes up\u0159ednost\u0148uje obsah, kter\u00fd vyvol\u00e1v\u00e1 interakce \u2013 tedy <strong>koment\u00e1\u0159e, sd\u00edlen\u00ed nebo reakce<\/strong>.<\/p>\n\n\n\n<p>Ve srovn\u00e1n\u00ed s jin\u00fdmi platformami je ale engagement na Facebooku dlouhodob\u011b ni\u017e\u0161\u00ed, a proto je pot\u0159eba v\u011bnovat v\u011bt\u0161\u00ed pozornost form\u00e1tu i kvalit\u011b obsahu. Kl\u00ed\u010dov\u00e1 je schopnost zaujmout a p\u0159im\u011bt u\u017eivatele k reakci.<\/p>\n\n\n\n<h3 class=\"wp-block-heading\">Ptejte se a vyz\u00fdvejte k akci<\/h3>\n\n\n\n<p>Lid\u00e9 miluj\u00ed vyjad\u0159ovat sv\u016fj n\u00e1zor. Ka\u017ed\u00e1 interakce pom\u00e1h\u00e1 algoritmu rozpoznat v\u00e1\u0161 obsah jako relevantn\u00ed. M\u00edsto nudn\u00e9ho p\u0159\u00edsp\u011bvku typu \u201eM\u00e1me nov\u00fd produkt, koupili byste si ho?\u201c se ptejte: \u201eJakou barvu byste zvolili? Modrou nebo \u010dervenou?\u201c Pamatujte, \u017ee lid\u00e9 \u010dast\u011bji reaguj\u00ed na <strong>jednoduch\u00e9 ot\u00e1zky<\/strong> s omezen\u00fdm v\u00fdb\u011brem odpov\u011bd\u00ed (nap\u0159. A\/B volba), proto\u017ee sni\u017euj\u00ed komunika\u010dn\u00ed bari\u00e9ru.<\/p>\n\n\n\n<h3 class=\"wp-block-heading\">Reagujte na koment\u00e1\u0159e a zpr\u00e1vy<\/h3>\n\n\n\n<p>Facebook hodnot\u00ed aktivn\u00ed str\u00e1nky l\u00e9pe ne\u017e ty, kter\u00e9 nereaguj\u00ed. Uka\u017ete z\u00e1kazn\u00edk\u016fm, \u017ee na nich z\u00e1le\u017e\u00ed, a odpov\u00eddejte na koment\u00e1\u0159e co nejrychleji. Pou\u017e\u00edvejte <strong>personalizovan\u00e9 odpov\u011bdi<\/strong> \u2013 nap\u0159\u00edklad m\u00edsto \u201eD\u011bkujeme!\u201c zkuste \u201eD\u011bkujeme, Jirko! Jak\u00fd produkt od n\u00e1s m\u00e1te nejrad\u011bji?\u201c. <strong>Rychlost reakce<\/strong> tak\u00e9 hraje d\u016fle\u017eitou roli \u2013 \u010d\u00edm d\u0159\u00edve odpov\u00edte, t\u00edm v\u011bt\u0161\u00ed \u0161anci m\u00e1 p\u0159\u00edsp\u011bvek na dal\u0161\u00ed dosah.<\/p>\n\n\n\n<h3 class=\"wp-block-heading\">Vytv\u00e1\u0159ejte obsah zam\u011b\u0159en\u00fd na fanou\u0161ky<\/h3>\n\n\n\n<p>Zapojte sv\u00e9 sleduj\u00edc\u00ed t\u00edm, \u017ee je vyzvete ke sd\u00edlen\u00ed vlastn\u00edch z\u00e1\u017eitk\u016f! Po\u017e\u00e1dejte je, aby se pochlubili fotkami sv\u00fdch mazl\u00ed\u010dky, halloweensk\u00fdmi kost\u00fdmy nebo v\u00e1no\u010dn\u00edmi strome\u010dky. Lid\u00e9 miluj\u00ed, kdy\u017e mohou <strong>sd\u00edlet kousek sv\u00e9ho \u017eivota<\/strong>, a tento typ obsahu okam\u017eit\u011b zv\u00fd\u0161\u00ed m\u00edru zapojen\u00ed.<\/p>\n\n\n\n<h2 class=\"wp-block-heading\">Jak optimalizovat v\u00fdkon Facebook str\u00e1nky?<\/h2>\n\n\n\n<p>V <strong>p\u0159ehledech<\/strong> (Insights) v r\u00e1mci Meta Business Suite najdete statistiky sv\u00e9 str\u00e1nky. Mezi kl\u00ed\u010dov\u00e9 metriky pat\u0159\u00ed zejm\u00e9na tyto:<\/p>\n\n\n\n<ul class=\"wp-block-list\">\n<li><strong>Zobrazen\u00ed<\/strong> (impressions): Kolikr\u00e1t se v\u00e1\u0161 obsah zobrazil u\u017eivatel\u016fm. Obsah zahrnuje videa, p\u0159\u00edsp\u011bvky, p\u0159\u00edb\u011bhy i reklamy.<\/li>\n\n\n\n<li><strong>Dosah<\/strong> (reach): Kolika unik\u00e1tn\u00edm u\u017eivatel\u016fm se v\u00e1\u0161 obsah zobrazil \u2013 a to jak organicky, tak prost\u0159ednictv\u00edm placen\u00e9 propagace.<\/li>\n\n\n\n<li><strong>Interakce s obsahem<\/strong>: Po\u010det lajk\u016f, koment\u00e1\u0159\u016f, sd\u00edlen\u00ed nebo ulo\u017een\u00ed, kter\u00e9 v\u00e1\u0161 obsah z\u00edskal.<\/li>\n\n\n\n<li><strong>Prokliky<\/strong> (clicks): Kolikr\u00e1t u\u017eivatel\u00e9 klikli na v\u00e1\u0161 obsah, nap\u0159\u00edklad na odkaz, profil nebo tla\u010d\u00edtko v\u00fdzvy k akci.<\/li>\n\n\n\n<li><strong>Sledov\u00e1n\u00ed<\/strong>: Kolik nov\u00fdch sleduj\u00edc\u00edch va\u0161e str\u00e1nka z\u00edskala ve vybran\u00e9m obdob\u00ed.<\/li>\n<\/ul>\n\n\n\n<p>Pro komplexn\u00ed vyhodnocen\u00ed je d\u016fle\u017eit\u00e9 sledovat nejen dosah a zapojen\u00ed, ale tak\u00e9 to, zda obsah vede k akci \u2013 nap\u0159\u00edklad <strong>proklik\u016fm nebo konverz\u00edm<\/strong>.<\/p>\n\n\n\n<h3 class=\"wp-block-heading\">Zohledn\u011bte demografick\u00e9 \u00fadaje<\/h3>\n\n\n\n<p>P\u0159ehledy v\u00e1m d\u00e1le poskytnou cenn\u00e9 informace o v\u011bku, pohlav\u00ed i lokalit\u011b va\u0161eho publika. Je\u0161t\u011b u\u017eite\u010dn\u011bj\u0161\u00ed je ale funkce, kter\u00e1 v\u00e1m uk\u00e1\u017ee, <strong>ve kter\u00e9 dny a \u010dasy jsou va\u0161i fanou\u0161ci online<\/strong>. Neexistuje jeden univerz\u00e1ln\u00ed ide\u00e1ln\u00ed \u010das pro publikov\u00e1n\u00ed \u2013 d\u016fle\u017eit\u00e9 je vych\u00e1zet z dat o va\u0161em publiku a pr\u016fb\u011b\u017en\u011b testovat, co funguje nejl\u00e9pe.<\/p>\n\n\n\n<h3 class=\"wp-block-heading\">Vyu\u017eijte data k&nbsp;lep\u0161\u00edm v\u00fdsledk\u016fm<\/h3>\n\n\n\n<p>Tato data v\u00e1m pomohou zjistit, co funguje dob\u0159e a <strong>kde je prostor pro zlep\u0161en\u00ed<\/strong>. D\u00edky pravideln\u00e9mu vyhodnocov\u00e1n\u00ed a \u00faprav\u00e1m strategie m\u016f\u017eete postupn\u011b zlep\u0161ovat v\u00fdkon sv\u00e9ho obsahu i celkov\u00e9 v\u00fdsledky.<\/p>\n\n\n\n<p>Pravideln\u011b <strong>testujte r\u016fzn\u00e9 typy obsahu, form\u00e1ty i \u010dasy publikov\u00e1n\u00ed<\/strong> a sledujte, co p\u0159in\u00e1\u0161\u00ed nejlep\u0161\u00ed v\u00fdsledky.<\/p>\n\n\n\n<h2 class=\"wp-block-heading\">Co je Meta (Facebook) Pixel a jak v\u00e1m pom\u016f\u017ee optimalizovat reklamy?<\/h2>\n\n\n\n<p>Meta Pixel je analytick\u00fd n\u00e1stroj pro <strong>m\u011b\u0159en\u00ed v\u00fdkonu reklam a optimalizaci kampan\u00ed<\/strong>. Pom\u00e1h\u00e1 sledovat chov\u00e1n\u00ed u\u017eivatel\u016f na va\u0161em webu a vyu\u017e\u00edvat tato data k p\u0159esn\u011bj\u0161\u00edmu c\u00edlen\u00ed, remarketingu a zvy\u0161ov\u00e1n\u00ed konverz\u00ed. Jedn\u00e1 se o <strong>kr\u00e1tk\u00fd k\u00f3d<\/strong>, kter\u00fd um\u00edst\u00edte na sv\u00e9 str\u00e1nky, aby shroma\u017e\u010foval data o n\u00e1v\u0161t\u011bvn\u00edc\u00edch a jejich interakc\u00edch. <\/p>\n\n\n\n<p>V sou\u010dasnosti se Meta Pixel \u010dasto kombinuje s tzv. <strong>Conversion API<\/strong>, kter\u00e9 umo\u017e\u0148uje p\u0159esn\u011bj\u0161\u00ed m\u011b\u0159en\u00ed dat i v prost\u0159ed\u00ed s omezen\u00fdm sledov\u00e1n\u00edm (nap\u0159. kv\u016fli cookies nebo iOS). D\u00edky tomu z\u00edsk\u00e1te <strong>spolehliv\u011bj\u0161\u00ed data pro<\/strong> <strong>optimalizaci kampan\u00ed<\/strong>.<\/p>\n\n\n\n<h3 class=\"wp-block-heading\">Jak funguje Meta (Facebook) Pixel k\u00f3d?<\/h3>\n\n\n\n<p>Jakmile n\u00e1v\u0161t\u011bvn\u00edk p\u0159ijde na v\u00e1\u0161 web a provede n\u011bjakou akci \u2013 nap\u0159\u00edklad klikne na tla\u010d\u00edtko, p\u0159id\u00e1 produkt do ko\u0161\u00edku nebo dokon\u010d\u00ed n\u00e1kup, Facebook Pixel tuto interakci zaznamen\u00e1. D\u00edky tomu m\u016f\u017eete:<\/p>\n\n\n\n<ul class=\"wp-block-list\">\n<li><strong>M\u011b\u0159it efektivitu reklam<\/strong> \u2013 zjistit, kolik lid\u00ed po kliknut\u00ed na va\u0161i reklamu skute\u010dn\u011b provedlo po\u017eadovanou akci.<\/li>\n\n\n\n<li><strong>L\u00e9pe c\u00edlit na relevantn\u00ed publikum<\/strong> \u2013 oslovit u\u017eivatele, kte\u0159\u00ed ji\u017e nav\u0161t\u00edvili v\u00e1\u0161 web, ale je\u0161t\u011b nenakoupili.<\/li>\n\n\n\n<li><strong>Optimalizovat reklamy<\/strong> \u2013 Facebook Pixel umo\u017e\u0148uje automatickou optimalizaci reklam tak, aby se zobrazovaly lidem, kte\u0159\u00ed s nejv\u011bt\u0161\u00ed pravd\u011bpodobnost\u00ed provedou po\u017eadovanou akci.<\/li>\n<\/ul>\n\n\n\n<h2 class=\"wp-block-heading\">Jak nastavit Meta Pixel?<\/h2>\n\n\n\n<p>Aktu\u00e1ln\u00ed postup pro nastaven\u00ed Meta Pixelu v roce je n\u00e1sleduj\u00edc\u00ed:<\/p>\n\n\n\n<h3 class=\"wp-block-heading\">Krok 1: Vytvo\u0159te Meta Pixel<\/h3>\n\n\n\n<ul class=\"wp-block-list\">\n<li>P\u0159ihlaste se do sv\u00e9ho \u00fa\u010dtu v Meta Business Suite.<\/li>\n\n\n\n<li>P\u0159ejd\u011bte do sekce <strong>Spr\u00e1vce ud\u00e1lost\u00ed (Events Manager)<\/strong>, kde spravujete m\u011b\u0159en\u00ed dat.<\/li>\n\n\n\n<li>Zvolte mo\u017enost <strong>Propojit data<\/strong> a vyberte typ zdroje <strong>Web<\/strong>.<\/li>\n\n\n\n<li>Vytvo\u0159te nov\u00fd Meta Pixel \u2013 zadejte jeho n\u00e1zev a URL va\u0161eho webu.<\/li>\n\n\n\n<li>Dokon\u010dete nastaven\u00ed podle pokyn\u016f a vytvo\u0159te Pixel.<\/li>\n<\/ul>\n\n\n\n<h3 class=\"wp-block-heading\">Krok 2: Instalujte Meta Pixel na v\u00e1\u0161 web<\/h3>\n\n\n\n<p>Pixel lze nasadit ru\u010dn\u011b vlo\u017een\u00edm k\u00f3du do webu nebo pomoc\u00ed integrace s platformami, jako je WordPress, Shopify apod.<\/p>\n\n\n\n<ul class=\"wp-block-list\">\n<li><strong>Ru\u010dn\u00ed instalace k\u00f3du:<\/strong>\n<ol start=\"1\" class=\"wp-block-list\">\n<li>V rozhran\u00ed Meta Business Suite zkop\u00edrujte k\u00f3d Pixelu. \u200b<\/li>\n\n\n\n<li>Vlo\u017ete tento k\u00f3d do sekce &lt;head&gt; na v\u0161ech str\u00e1nk\u00e1ch va\u0161eho webu. \u200b<\/li>\n<\/ol>\n<\/li>\n\n\n\n<li><strong>Integrace Facebook Pixelu na WordPressu<\/strong>\n<ol start=\"1\" class=\"wp-block-list\">\n<li>V rozhran\u00ed Meta Business Suite zvolte mo\u017enost <strong>Pou\u017e\u00edt integraci partnera<\/strong>.<\/li>\n\n\n\n<li>Vyberte platformu, kterou pou\u017e\u00edv\u00e1te \u2013 tedy WordPress.<\/li>\n\n\n\n<li>Propojte k\u00f3d Pixelu s va\u0161\u00edm webem pou\u017eit\u00edm pluginu nebo manu\u00e1ln\u00edm vlo\u017een\u00edm k\u00f3du Pixelu t\u011bsn\u011b p\u0159ed uzav\u00edrac\u00ed tag &lt;\/head&gt; a ulo\u017ete zm\u011bny.<\/li>\n<\/ol>\n<\/li>\n<\/ul>\n\n\n\n<figure class=\"wp-block-image size-full\"><img loading=\"lazy\" decoding=\"async\" width=\"943\" height=\"337\" src=\"https:\/\/new.digiamo.cz\/new\/wp-content\/uploads\/2025\/04\/Obrazek1-3.png\" alt=\"\" class=\"wp-image-2301\" srcset=\"https:\/\/new.digiamo.cz\/new\/wp-content\/uploads\/2025\/04\/Obrazek1-3.png 943w, https:\/\/new.digiamo.cz\/new\/wp-content\/uploads\/2025\/04\/Obrazek1-3-300x107.png 300w, https:\/\/new.digiamo.cz\/new\/wp-content\/uploads\/2025\/04\/Obrazek1-3-768x274.png 768w\" sizes=\"auto, (max-width: 943px) 100vw, 943px\" \/><\/figure>\n\n\n\n<h3 class=\"wp-block-heading\">Krok 3: Nastavte sledov\u00e1n\u00ed ud\u00e1lost\u00ed<\/h3>\n\n\n\n<p>Po \u00fasp\u011b\u0161n\u00e9 instalaci Meta Pixel m\u016f\u017eete <strong>definovat specifick\u00e9 ud\u00e1losti<\/strong>, kter\u00e9 chcete sledovat, nap\u0159\u00edklad n\u00e1kupy, registrace nebo p\u0159id\u00e1n\u00ed produktu do ko\u0161\u00edku. To v\u00e1m umo\u017en\u00ed z\u00edskat detailn\u00ed p\u0159ehled o chov\u00e1n\u00ed u\u017eivatel\u016f na va\u0161em webu a efektivn\u011b optimalizovat va\u0161e reklamn\u00ed kampan\u011b.<\/p>\n\n\n\n<p><strong><em>Pozor:<\/em><\/strong><em> P\u0159i implementaci Meta Pixelu je nezbytn\u00e9 dodr\u017eovat platn\u00e9 z\u00e1kony o ochran\u011b osobn\u00edch \u00fadaj\u016f, jako je <strong>GDPR<\/strong>. Ujist\u011bte se, \u017ee n\u00e1v\u0161t\u011bvn\u00edci va\u0161eho webu jsou informov\u00e1ni o pou\u017eit\u00ed Pixelu a \u017ee z\u00edsk\u00e1te jejich souhlas se sledov\u00e1n\u00edm jejich aktivit.<\/em><\/p>\n\n\n\n<p>Pro vizu\u00e1ln\u00ed n\u00e1vod k nastaven\u00ed Meta Pixelu si pus\u0165te n\u00e1sleduj\u00edc\u00ed video:<\/p>\n\n\n\n<figure class=\"wp-block-embed is-type-video is-provider-youtube wp-block-embed-youtube wp-embed-aspect-16-9 wp-has-aspect-ratio\"><div class=\"wp-block-embed__wrapper\">\n<iframe loading=\"lazy\" title=\"How To Set Up &amp; Install The Facebook Pixel\" width=\"500\" height=\"281\" src=\"https:\/\/www.youtube.com\/embed\/WazafPAYdOo?feature=oembed\" frameborder=\"0\" allow=\"accelerometer; autoplay; clipboard-write; encrypted-media; gyroscope; picture-in-picture; web-share\" referrerpolicy=\"strict-origin-when-cross-origin\" allowfullscreen><\/iframe>\n<\/div><\/figure>\n\n\n\n<p>Nechcete ztr\u00e1cet \u010das pokusy a omyly? <strong>Nechte si pomoci od profesion\u00e1l\u016f<\/strong>! P\u0159iprav\u00edme v\u00e1m strategii na m\u00edru, vytvo\u0159\u00edme obsah a zajist\u00edme efektivn\u00ed reklamn\u00ed kampan\u011b, kter\u00e9 oslov\u00ed spr\u00e1vn\u00e9 publikum a zv\u00fd\u0161\u00ed v\u00e1m prodeje. <a href=\"https:\/\/new.digiamo.cz\/new\/kontakt\/\">Kontaktujte n\u00e1s<\/a> je\u0161t\u011b dnes a prom\u011b\u0148te sv\u016fj Facebook v siln\u00fd prodejn\u00ed kan\u00e1l.<\/p>\n\n\n\n<p><\/p>\n\n\n\n\n\n<h2 class=\"wp-block-heading\">Nej\u010dast\u011bj\u0161\u00ed ot\u00e1zky k firemn\u00ed str\u00e1nce na Facebooku<\/h2>\n\n\n\n<p><strong>Je Facebook st\u00e1le relevantn\u00ed pro firmy v roce 2026?<\/strong><\/p>\n\n\n\n<p>Ano. Facebook je st\u00e1le d\u016fle\u017eit\u00fd kan\u00e1l, zejm\u00e9na pro budov\u00e1n\u00ed zna\u010dky a pr\u00e1ci se st\u00e1vaj\u00edc\u00edmi z\u00e1kazn\u00edky. Nejlep\u0161\u00edch v\u00fdsledk\u016f dnes dos\u00e1hnete, pokud ho vyu\u017e\u00edv\u00e1te spole\u010dn\u011b s Instagramem v r\u00e1mci Meta Ads.<\/p>\n\n\n\n<p><strong>M\u00e1 smysl spravovat Facebook str\u00e1nku bez placen\u00e9 reklamy?<\/strong><\/p>\n\n\n\n<p>Pouze omezen\u011b. Organick\u00fd dosah firemn\u00edch str\u00e1nek je dnes n\u00edzk\u00fd, a proto bez placen\u00e9 propagace oslov\u00edte jen malou \u010d\u00e1st publika. Reklama v\u00e1m umo\u017en\u00ed r\u016fst rychleji a c\u00edlit na nov\u00e9 z\u00e1kazn\u00edky.<\/p>\n\n\n\n<p><strong>Jak\u00fd obsah dnes na Facebooku funguje nejl\u00e9pe?<\/strong><\/p>\n\n\n\n<p>Nejv\u011bt\u0161\u00ed dosah maj\u00ed kr\u00e1tk\u00e1 videa (Reels), kter\u00e1 platforma aktivn\u011b podporuje. Dob\u0159e funguj\u00ed tak\u00e9 karusely a interaktivn\u00ed obsah (ankety, ot\u00e1zky). Statick\u00e9 p\u0159\u00edsp\u011bvky maj\u00ed sp\u00ed\u0161e dopl\u0148kovou roli.<\/p>\n\n\n\n<p><strong>Jak \u010dasto publikovat na firemn\u00ed str\u00e1nce?<\/strong><\/p>\n\n\n\n<p>Neexistuje univerz\u00e1ln\u00ed ide\u00e1ln\u00ed frekvence. D\u016fle\u017eit\u011bj\u0161\u00ed ne\u017e po\u010det p\u0159\u00edsp\u011bvk\u016f je konzistence a kvalita obsahu. Doporu\u010duje se publikovat pravideln\u011b a testovat, co funguje nejl\u00e9pe pro va\u0161e publikum.<\/p>\n\n\n\n<p><strong>Co je Meta Pixel a pro\u010d je d\u016fle\u017eit\u00fd?<\/strong><\/p>\n\n\n\n<p>Meta Pixel je n\u00e1stroj pro sledov\u00e1n\u00ed chov\u00e1n\u00ed u\u017eivatel\u016f na va\u0161em webu. Pom\u00e1h\u00e1 m\u011b\u0159it v\u00fdkon reklam, vytv\u00e1\u0159et remarketing a zvy\u0161ovat konverze. Pro p\u0159esn\u011bj\u0161\u00ed data se dnes \u010dasto kombinuje s Conversion API.<\/p>\n\n\n\n<p><strong>Jak\u00fd je rozd\u00edl mezi Meta Business Suite a Ads Managerem?<\/strong><\/p>\n\n\n\n<p>Meta Business Suite slou\u017e\u00ed ke spr\u00e1v\u011b obsahu, zpr\u00e1v a z\u00e1kladn\u00edch reklam. Meta Ads Manager je pokro\u010dil\u00fd n\u00e1stroj pro detailn\u00ed nastaven\u00ed a optimalizaci kampan\u00ed.<\/p>\n\n\n\n<p><strong>Kolik stoj\u00ed reklama na Facebooku?<\/strong><\/p>\n\n\n\n<p>Cena reklamy se li\u0161\u00ed podle c\u00edlen\u00ed, konkurence a kvality kampan\u011b. Rozpo\u010det si m\u016f\u017eete nastavit sami \u2013 za\u010d\u00edt lze i s men\u0161\u00ed investic\u00ed a postupn\u011b ji navy\u0161ovat podle v\u00fdsledk\u016f.<\/p>\n\n\n\n<p><strong>Co m\u00e1 nejv\u011bt\u0161\u00ed vliv na v\u00fdkon reklamy?<\/strong><\/p>\n\n\n\n<p>Dnes rozhoduje p\u0159edev\u0161\u00edm kvalita kreativ (vizu\u00e1l\u016f a text\u016f). D\u016fle\u017eitou roli hraje tak\u00e9 spr\u00e1vn\u011b zvolen\u00fd c\u00edl kampan\u011b a vyu\u017eit\u00ed automatizace (AI) v r\u00e1mci Meta Ads.<\/p>\n\n\n\n<p><strong>Jak zv\u00fd\u0161it engagement na Facebooku?<\/strong><\/p>\n\n\n\n<p>Zam\u011b\u0159te se na obsah, kter\u00fd vyvol\u00e1v\u00e1 interakce \u2013 pokl\u00e1dejte ot\u00e1zky, reagujte na koment\u00e1\u0159e a vyu\u017e\u00edvejte form\u00e1ty jako Reels nebo Stories. \u010c\u00edm v\u00edce interakc\u00ed z\u00edsk\u00e1te, t\u00edm v\u011bt\u0161\u00ed bude dosah va\u0161ich p\u0159\u00edsp\u011bvk\u016f.<\/p>\n\n\n\n<p><strong>Je lep\u0161\u00ed c\u00edlit reklamy p\u0159esn\u011b, nebo nechat \u0161ir\u0161\u00ed publikum?<\/strong><\/p>\n\n\n\n<p>V sou\u010dasnosti se \u010dasto vyplat\u00ed \u0161ir\u0161\u00ed c\u00edlen\u00ed, kdy Meta pomoc\u00ed AI sama najde relevantn\u00ed publikum. P\u0159esn\u00e9 c\u00edlen\u00ed m\u00e1 smysl zejm\u00e9na u remarketingu.<\/p>\n","protected":false},"excerpt":{"rendered":"<p>Aktualizov\u00e1no 31. 3. 2026 Facebook z\u016fst\u00e1v\u00e1 jedn\u00edm z hlavn\u00edch kan\u00e1l\u016f pro budov\u00e1n\u00ed zna\u010dky a z\u00edsk\u00e1v\u00e1n\u00ed z\u00e1kazn\u00edk\u016f \u2013 zejm\u00e9na pokud ho vyu\u017e\u00edv\u00e1te jako sou\u010d\u00e1st \u0161ir\u0161\u00edho ekosyst\u00e9mu Meta Ads spole\u010dn\u011b s Instagramem. A\u0165 u\u017e podnik\u00e1te, provozujete e-shop nebo budujete firmu, dob\u0159e nastaven\u00e1 firemn\u00ed str\u00e1nka v\u00e1m pom\u016f\u017ee oslovit spr\u00e1vn\u00e9 publikum, pos\u00edlit d\u016fv\u011bryhodnost a podpo\u0159it prodeje. V tomto \u010dl\u00e1nku [&hellip;]<\/p>\n","protected":false},"author":12,"featured_media":2300,"comment_status":"open","ping_status":"open","sticky":false,"template":"","format":"standard","meta":{"footnotes":""},"categories":[29],"tags":[],"class_list":["post-2292","post","type-post","status-publish","format-standard","has-post-thumbnail","hentry","category-social"],"meta_box":{"nadpis_cta":"","podnadpis_cta":"","text_button_cta":"","link_button_cta":""},"_links":{"self":[{"href":"https:\/\/new.digiamo.cz\/new\/wp-json\/wp\/v2\/posts\/2292","targetHints":{"allow":["GET"]}}],"collection":[{"href":"https:\/\/new.digiamo.cz\/new\/wp-json\/wp\/v2\/posts"}],"about":[{"href":"https:\/\/new.digiamo.cz\/new\/wp-json\/wp\/v2\/types\/post"}],"author":[{"embeddable":true,"href":"https:\/\/new.digiamo.cz\/new\/wp-json\/wp\/v2\/users\/12"}],"replies":[{"embeddable":true,"href":"https:\/\/new.digiamo.cz\/new\/wp-json\/wp\/v2\/comments?post=2292"}],"version-history":[{"count":0,"href":"https:\/\/new.digiamo.cz\/new\/wp-json\/wp\/v2\/posts\/2292\/revisions"}],"wp:featuredmedia":[{"embeddable":true,"href":"https:\/\/new.digiamo.cz\/new\/wp-json\/wp\/v2\/media\/2300"}],"wp:attachment":[{"href":"https:\/\/new.digiamo.cz\/new\/wp-json\/wp\/v2\/media?parent=2292"}],"wp:term":[{"taxonomy":"category","embeddable":true,"href":"https:\/\/new.digiamo.cz\/new\/wp-json\/wp\/v2\/categories?post=2292"},{"taxonomy":"post_tag","embeddable":true,"href":"https:\/\/new.digiamo.cz\/new\/wp-json\/wp\/v2\/tags?post=2292"}],"curies":[{"name":"wp","href":"https:\/\/api.w.org\/{rel}","templated":true}]}}